[{"@context":"https:\/\/schema.org\/","@type":"BlogPosting","@id":"https:\/\/www.zahngesundheit-erlangen.de\/2024\/01\/13\/warum-zahnluecken-nicht-sein-sollen\/#BlogPosting","mainEntityOfPage":"https:\/\/www.zahngesundheit-erlangen.de\/2024\/01\/13\/warum-zahnluecken-nicht-sein-sollen\/","headline":"Warum Zahnl\u00fccken nicht sein sollen","name":"Warum Zahnl\u00fccken nicht sein sollen","description":"Mit 28 Z\u00e4hnen gut aufgestellt.","datePublished":"2024-01-13","dateModified":"2025-02-07","author":{"@type":"Person","@id":"https:\/\/www.zahngesundheit-erlangen.de\/author\/drschnotz\/#Person","name":"DrSchnotz","url":"https:\/\/www.zahngesundheit-erlangen.de\/author\/drschnotz\/","image":{"@type":"ImageObject","@id":"https:\/\/secure.gravatar.com\/avatar\/12431ed54dfc5ff4f225684aba2dfc2e9d54842ecf1eb4559423074e193cec9f?s=96&d=mm&r=g","url":"https:\/\/secure.gravatar.com\/avatar\/12431ed54dfc5ff4f225684aba2dfc2e9d54842ecf1eb4559423074e193cec9f?s=96&d=mm&r=g","height":96,"width":96}},"publisher":{"@type":"Organization","name":"Dr. Alexander Schnotz","logo":{"@type":"ImageObject","@id":"https:\/\/www.zahngesundheit-erlangen.de\/wordpress\/wp-content\/uploads\/2020\/02\/LogoTry1.png","url":"https:\/\/www.zahngesundheit-erlangen.de\/wordpress\/wp-content\/uploads\/2020\/02\/LogoTry1.png","width":1915,"height":528}},"image":{"@type":"ImageObject","@id":"https:\/\/www.zahngesundheit-erlangen.de\/wordpress\/wp-content\/uploads\/2024\/01\/zuluckn.jpg","url":"https:\/\/www.zahngesundheit-erlangen.de\/wordpress\/wp-content\/uploads\/2024\/01\/zuluckn.jpg","height":1060,"width":1600},"url":"https:\/\/www.zahngesundheit-erlangen.de\/2024\/01\/13\/warum-zahnluecken-nicht-sein-sollen\/","about":["Unkategorisiert"],"wordCount":254,"keywords":["Smarte Zahnb\u00fcrste"],"articleBody":"Bei Zahnl\u00fccken im vorderen Bereich der Z\u00e4hne ist der Wunsch von Patienten nach Zahnersatz naturgem\u00e4\u00df deutlich gr\u00f6\u00dfer als bei L\u00fccken im nichtsichtbaren Seitenzahnbereich. Fehlende Frontz\u00e4hne wirken un\u00e4sthetisch und mindern oft das Selbstwertgef\u00fchl.Der Ersatz im hinteren Bereich ist jedoch genauso wichtig. Zahnl\u00fccken k\u00f6nnen sich generell negativ auf das gesamte Kausystem auswirken und weitere Folgeprobleme verursachen.Darum sollten Zahnl\u00fccken geschlossen werden:Werden fehlende Z\u00e4hne \u00fcber l\u00e4ngere Zeit nicht ersetzt, \u201ekippen\u201c oder wandern die Nachbarz\u00e4hne in die L\u00fccke. So k\u00f6nnen weitere unsch\u00f6ne L\u00fccken entstehen und sich Schmutznischen bilden, die die Entstehung von Karies und Parodontitis beg\u00fcnstigen.Zudem w\u00e4chst der jeweils gegen\u00fcberliegende Zahn im Gegenkiefer (Antagonist) weiter heraus. Dies kann auch die Versorgung mit Zahnersatz erschweren.Gr\u00f6\u00dfere Zahnl\u00fccken ver\u00e4ndern den gesamten Zusammenbiss, k\u00f6nnen das Kausystem aus dem Gleichgewicht bringen und Kiefergelenkprobleme, Kopfschmerzen und weitere Beschwerden hervorrufen. Man spricht von einer Craniomandibul\u00e4ren Dysfunktion (CMD).Bei l\u00e4nger bestehenden Zahnl\u00fccken kommt es aufgrund der fehlenden Kaubelastung zu einem R\u00fcckgang des Kieferknochens. Das ist auch unterhalb von Br\u00fcckengliedern oder herk\u00f6mmlichen Prothesen der Fall. Verhindern l\u00e4sst sich dies meist nur durch implantatgetragenen Zahnersatz, da Implantate den Kieferknochen \u00e4hnlich nat\u00fcrlichen Zahnwurzeln belasten.Fehlende Z\u00e4hne beeintr\u00e4chtigen oft die Kaufunktion und damit die Ern\u00e4hrung sowie die Aussprache.Wenn fehlende Z\u00e4hne fr\u00fchzeitig ersetzt werden, lassen sich die meisten dieser Probleme vermeiden. Einem Kieferknochenr\u00fcckgang beugen am besten Zahnimplantate vor."},{"@context":"https:\/\/schema.org\/","@type":"BreadcrumbList","itemListElement":[{"@type":"ListItem","position":1,"name":"2024","item":"https:\/\/www.zahngesundheit-erlangen.de\/2024\/#breadcrumbitem"},{"@type":"ListItem","position":2,"name":"01","item":"https:\/\/www.zahngesundheit-erlangen.de\/2024\/\/01\/#breadcrumbitem"},{"@type":"ListItem","position":3,"name":"13","item":"https:\/\/www.zahngesundheit-erlangen.de\/2024\/\/01\/\/13\/#breadcrumbitem"},{"@type":"ListItem","position":4,"name":"Warum Zahnl\u00fccken nicht sein sollen","item":"https:\/\/www.zahngesundheit-erlangen.de\/2024\/01\/13\/warum-zahnluecken-nicht-sein-sollen\/#breadcrumbitem"}]}]